{"id":1490,"date":"2021-06-22T19:57:47","date_gmt":"2021-06-22T19:57:47","guid":{"rendered":"https:\/\/www.dorin.bocu.ro\/blog\/?p=1490"},"modified":"2021-06-22T19:57:48","modified_gmt":"2021-06-22T19:57:48","slug":"mi-a-zambit-ca-o-naluca","status":"publish","type":"post","link":"http:\/\/www.dorin.bocu.ro\/blog\/?p=1490","title":{"rendered":"MI-A Z\u00c2MBIT CA O N\u0102LUC\u0102"},"content":{"rendered":"\n<figure class=\"wp-block-gallery columns-0 is-cropped\"><ul class=\"blocks-gallery-grid\"><\/ul><\/figure>\n\n\n\n<pre class=\"wp-block-preformatted\">Sta b\u0103tr\u00e2nul \nnemi\u0219cat\npe o banc\u0103\nobosit\u0103\nla o margine de sat.\n\n\nM\u00e2na st\u00e2ng\u0103-i tremura\nvorbea singur\ncu t\u0103ria\ndespre \u021binere\u021bea sa.\n\n\nNea Ichime\nziua bun\u0103!\nMi-a z\u00e2mbit \nca o n\u0103luc\u0103\ncare a c\u0103zut din lun\u0103.\n\n\nAm trecut pe l\u00e2ng\u0103 el\na\u0219 fi vrut s\u0103 mai adast\nduhul lui mi se p\u0103rea \nbl\u00e2nd \u0219i lin \nprecum dojana\nunui glas de porumbel.\n\n\nMare-i mila Domnului\neu colind\nprin praful z\u0103rii\nal\u021bii zboar\u0103 c\u0103tre stele\ncu puterea g\u00e2ndului.\n\n\nAxiome colosale\nteoreme abisale\nconvergen\u021be ireale\nale mersului haotic\nprin imensele portale.\n\n\nNea Ichime \nte-am l\u0103sat\nsingur cuc\n\u00een miez de var\u0103\ns\u0103 prive\u0219ti ad\u00e2nc \u00een tine\nliber\n\u0219i netulburat.\n\n\nDe prisos ar fi s\u0103 \u0219tiu\nun cuv\u00e2nt \na c\u0103rui vraj\u0103\ns\u0103 m\u0103 poarte prin durerea\nde a fi de-a pururi viu.\n\n\nCu un dram de ve\u0219nicie\nn-are sens\ns\u0103 fii prieten\ndac\u0103 universul \u00eensu\u0219i\nde iubire \nnu mai \u0219tie.\n\n\nDe eram  un  fel de zeu\na\u0219 fi colindat prin zarva\nneodihnei\nabsolute\n\u0219i-a\u0219 fi m\u00e2ng\u00e2iat apusul\nca un pui de cimpanzeu.\n\n\nCred c\u0103 sunt pe ar\u0103tur\u0103\nvis\u00e2nd fire care leag\u0103\ngolul dintre anotimpuri\nc\u00e2nd de fapt\n\u00een mine este\ntotul o adun\u0103tur\u0103.\n\n\nSta b\u0103tr\u00e2nul nemi\u0219cat\nm\u00e2na st\u00e2ng\u0103-i tremura\nvorbea singur\ncu t\u0103ria\nla o margine\nde sat.\n<\/pre>\n","protected":false},"excerpt":{"rendered":"<p>Sta b\u0103tr\u00e2nul nemi\u0219cat pe o banc\u0103 obosit\u0103 la o margine de sat. M\u00e2na st\u00e2ng\u0103-i tremura vorbea singur cu t\u0103ria despre \u021binere\u021bea sa. Nea Ichime ziua bun\u0103! Mi-a z\u00e2mbit ca o n\u0103luc\u0103 care a c\u0103zut din lun\u0103. Am trecut pe l\u00e2ng\u0103 el a\u0219 fi vrut s\u0103 mai adast duhul lui mi se p\u0103rea bl\u00e2nd \u0219i lin &hellip; <a href=\"http:\/\/www.dorin.bocu.ro\/blog\/?p=1490\" class=\"more-link\">Continu\u0103 s\u0103 cite\u0219ti <span class=\"screen-reader-text\">MI-A Z\u00c2MBIT CA O N\u0102LUC\u0102<\/span><\/a><\/p>\n","protected":false},"author":1,"featured_media":0,"comment_status":"open","ping_status":"open","sticky":false,"template":"","format":"gallery","meta":[],"categories":[1],"tags":[],"_links":{"self":[{"href":"http:\/\/www.dorin.bocu.ro\/blog\/index.php?rest_route=\/wp\/v2\/posts\/1490"}],"collection":[{"href":"http:\/\/www.dorin.bocu.ro\/blog\/index.php?rest_route=\/wp\/v2\/posts"}],"about":[{"href":"http:\/\/www.dorin.bocu.ro\/blog\/index.php?rest_route=\/wp\/v2\/types\/post"}],"author":[{"embeddable":true,"href":"http:\/\/www.dorin.bocu.ro\/blog\/index.php?rest_route=\/wp\/v2\/users\/1"}],"replies":[{"embeddable":true,"href":"http:\/\/www.dorin.bocu.ro\/blog\/index.php?rest_route=%2Fwp%2Fv2%2Fcomments&post=1490"}],"version-history":[{"count":1,"href":"http:\/\/www.dorin.bocu.ro\/blog\/index.php?rest_route=\/wp\/v2\/posts\/1490\/revisions"}],"predecessor-version":[{"id":1491,"href":"http:\/\/www.dorin.bocu.ro\/blog\/index.php?rest_route=\/wp\/v2\/posts\/1490\/revisions\/1491"}],"wp:attachment":[{"href":"http:\/\/www.dorin.bocu.ro\/blog\/index.php?rest_route=%2Fwp%2Fv2%2Fmedia&parent=1490"}],"wp:term":[{"taxonomy":"category","embeddable":true,"href":"http:\/\/www.dorin.bocu.ro\/blog\/index.php?rest_route=%2Fwp%2Fv2%2Fcategories&post=1490"},{"taxonomy":"post_tag","embeddable":true,"href":"http:\/\/www.dorin.bocu.ro\/blog\/index.php?rest_route=%2Fwp%2Fv2%2Ftags&post=1490"}],"curies":[{"name":"wp","href":"https:\/\/api.w.org\/{rel}","templated":true}]}}