{"id":1476,"date":"2021-06-08T17:02:18","date_gmt":"2021-06-08T17:02:18","guid":{"rendered":"https:\/\/www.dorin.bocu.ro\/blog\/?p=1476"},"modified":"2021-06-08T17:02:19","modified_gmt":"2021-06-08T17:02:19","slug":"sta-la-poarta-trista-mama","status":"publish","type":"post","link":"http:\/\/www.dorin.bocu.ro\/blog\/?p=1476","title":{"rendered":"ST\u0102 LA POART\u0102 TRIST\u0102 MAMA"},"content":{"rendered":"\n<figure class=\"wp-block-gallery columns-0 is-cropped\"><ul class=\"blocks-gallery-grid\"><\/ul><\/figure>\n\n\n\n<pre class=\"wp-block-preformatted\">Ditai zarva,\nse aud\nvr\u0103biile st\u00e2nd la sfad\u0103\nprintre frunzele de dud.\n\nDe polen \u0219i z\u00e2mbet pline,\nsomnul clipei m\u00e2ng\u00e2indu-l,\ntrec \u00een iure\u0219 viu\nalbine.\n\nCa un st\u00e2lp\n\u00een cimitire,\nst\u0103 o bab\u0103 \u00een pridvorul\nunui strop de amintire.\n\nMo\u0219 Grigore,\n\u00een prisac\u0103\nparc\u0103-i patefon, \n\u00eenv\u00e2rte b\u0103tr\u00e2ne\u021bea lui posac\u0103.\n\nP\u0103c\u0103nitul rar\nal morii\na b\u0103gat \u00een mu\u0219te spaima\n\u0219i alung\u0103  zilnic norii.\n\nSeceta\nfo\u0219ne\u0219te-n zare,\na secat din nou f\u00e2nt\u00e2na\nr\u0103s\u0103ritului de soare.\n\nSt\u0103 la poart\u0103 trist\u0103 mama,\ntot ce-a fost c\u00e2ndva dispare,\nnumai greierul mai c\u00e2nt\u0103\nde triste\u021be, \u00een amurguri \u00eenghi\u021bite de uitare.\n<\/pre>\n\n\n\n<p><\/p>\n","protected":false},"excerpt":{"rendered":"<p>Ditai zarva, se aud vr\u0103biile st\u00e2nd la sfad\u0103 printre frunzele de dud. De polen \u0219i z\u00e2mbet pline, somnul clipei m\u00e2ng\u00e2indu-l, trec \u00een iure\u0219 viu albine. Ca un st\u00e2lp \u00een cimitire, st\u0103 o bab\u0103 \u00een pridvorul unui strop de amintire. Mo\u0219 Grigore, \u00een prisac\u0103 parc\u0103-i patefon, \u00eenv\u00e2rte b\u0103tr\u00e2ne\u021bea lui posac\u0103. P\u0103c\u0103nitul rar al morii a b\u0103gat &hellip; <a href=\"http:\/\/www.dorin.bocu.ro\/blog\/?p=1476\" class=\"more-link\">Continu\u0103 s\u0103 cite\u0219ti <span class=\"screen-reader-text\">ST\u0102 LA POART\u0102 TRIST\u0102 MAMA<\/span><\/a><\/p>\n","protected":false},"author":1,"featured_media":0,"comment_status":"open","ping_status":"open","sticky":false,"template":"","format":"gallery","meta":[],"categories":[1],"tags":[],"_links":{"self":[{"href":"http:\/\/www.dorin.bocu.ro\/blog\/index.php?rest_route=\/wp\/v2\/posts\/1476"}],"collection":[{"href":"http:\/\/www.dorin.bocu.ro\/blog\/index.php?rest_route=\/wp\/v2\/posts"}],"about":[{"href":"http:\/\/www.dorin.bocu.ro\/blog\/index.php?rest_route=\/wp\/v2\/types\/post"}],"author":[{"embeddable":true,"href":"http:\/\/www.dorin.bocu.ro\/blog\/index.php?rest_route=\/wp\/v2\/users\/1"}],"replies":[{"embeddable":true,"href":"http:\/\/www.dorin.bocu.ro\/blog\/index.php?rest_route=%2Fwp%2Fv2%2Fcomments&post=1476"}],"version-history":[{"count":1,"href":"http:\/\/www.dorin.bocu.ro\/blog\/index.php?rest_route=\/wp\/v2\/posts\/1476\/revisions"}],"predecessor-version":[{"id":1477,"href":"http:\/\/www.dorin.bocu.ro\/blog\/index.php?rest_route=\/wp\/v2\/posts\/1476\/revisions\/1477"}],"wp:attachment":[{"href":"http:\/\/www.dorin.bocu.ro\/blog\/index.php?rest_route=%2Fwp%2Fv2%2Fmedia&parent=1476"}],"wp:term":[{"taxonomy":"category","embeddable":true,"href":"http:\/\/www.dorin.bocu.ro\/blog\/index.php?rest_route=%2Fwp%2Fv2%2Fcategories&post=1476"},{"taxonomy":"post_tag","embeddable":true,"href":"http:\/\/www.dorin.bocu.ro\/blog\/index.php?rest_route=%2Fwp%2Fv2%2Ftags&post=1476"}],"curies":[{"name":"wp","href":"https:\/\/api.w.org\/{rel}","templated":true}]}}