{"id":1466,"date":"2021-06-01T16:37:54","date_gmt":"2021-06-01T16:37:54","guid":{"rendered":"https:\/\/www.dorin.bocu.ro\/blog\/?p=1466"},"modified":"2021-06-01T16:37:56","modified_gmt":"2021-06-01T16:37:56","slug":"viata-este-o-plimbare","status":"publish","type":"post","link":"http:\/\/www.dorin.bocu.ro\/blog\/?p=1466","title":{"rendered":"VIA\u021aA ESTE O PLIMBARE"},"content":{"rendered":"\n<figure class=\"wp-block-gallery columns-0 is-cropped\"><ul class=\"blocks-gallery-grid\"><\/ul><\/figure>\n\n\n\n<pre class=\"wp-block-preformatted\">\nFoaie alb\u0103 de caiet,\nc\u00e2nd te v\u0103d mi-aduc aminte\ncum priveam,\n\u00eenvins,\nspre tine\n\u00eencerc\u00e2nd s\u0103 fiu poet.\n\nChiar \u0219i-acum la b\u0103tr\u00e2ne\u021be\nstai \u00een calea mea, t\u0103cut\u0103,\ntu nu e\u0219ti \ndec\u00e2t \no poart\u0103\nc\u0103tre z\u00e2mbet \u0219i triste\u021be.\n\nAnevoie, te-ai deschis\n\u0219i pornind la pas prin tine\nam v\u0103zut \nc\u0103 \ndin cuvinte\nomul n\u0103scoce\u0219te vis.\n\nEste scris \u00een praf \u0219i-n stele\ns\u0103 nu fim aici \u00een veci\n\u0219i sper\u0103m \ns\u0103 fim \naiurea\nnemuririi santinele.\n\nOoo! E greu pe timp de pace\ns\u0103 fii vesel \u0219i-n\u021belept\niar c\u00e2nd \napele \ndau buzna\n\u0219i de-ai vrea, nu ai ce face.\n\nVia\u021ba este o plimbare\nprin de\u0219ertul nemuririi\nc\u00e2t \nne este \nc\u0103l\u0103uz\u0103\nlacrima de lum\u00e2nare.\n\nMult\u0103 lume-am sup\u0103rat\nc\u00e2nd m\u00e2nat de g\u00e2nduri grele\nnu am r\u00e2s \nde\u0219i\npe uli\u021bi\nve\u0219nicia a-nserat.\n\nMult\u0103 vreme am umblat\ndup\u0103 steaua f\u0103r\u0103 nume\ndor \nde s\u0103lcii, \nprim\u0103vara,\nsufletul mi-a sf\u00e2\u0219iat.\n\nSalcia, de vrei s\u0103-\u021bi spun\u0103\nce te-a\u0219teapt\u0103, om umblat,\ntrebuie \ns\u0103 vezi \n\u00een zare\nchiciurile cum se-adun\u0103.\n\n\u0218i-ntr-o zi \u00een care clipa\nse va fr\u00e2nge de vre-un hat\nvei \nsc\u00e2nci  \nde sup\u0103rare\nc\u0103 \u021bi-ai rupt \u00een van aripa.\n\nTe vor pl\u00e2nge obosi\u021bi\ncei ce sunt pe metereze\n\u0219i-\u021bi vor \nreseta sur\u00e2sul\ncei deja\nblagoslovi\u021bi.<\/pre>\n","protected":false},"excerpt":{"rendered":"<p>Foaie alb\u0103 de caiet, c\u00e2nd te v\u0103d mi-aduc aminte cum priveam, \u00eenvins, spre tine \u00eencerc\u00e2nd s\u0103 fiu poet. Chiar \u0219i-acum la b\u0103tr\u00e2ne\u021be stai \u00een calea mea, t\u0103cut\u0103, tu nu e\u0219ti dec\u00e2t o poart\u0103 c\u0103tre z\u00e2mbet \u0219i triste\u021be. Anevoie, te-ai deschis \u0219i pornind la pas prin tine am v\u0103zut c\u0103 din cuvinte omul n\u0103scoce\u0219te vis. Este &hellip; <a href=\"http:\/\/www.dorin.bocu.ro\/blog\/?p=1466\" class=\"more-link\">Continu\u0103 s\u0103 cite\u0219ti <span class=\"screen-reader-text\">VIA\u021aA ESTE O PLIMBARE<\/span><\/a><\/p>\n","protected":false},"author":1,"featured_media":0,"comment_status":"open","ping_status":"open","sticky":false,"template":"","format":"gallery","meta":[],"categories":[1],"tags":[],"_links":{"self":[{"href":"http:\/\/www.dorin.bocu.ro\/blog\/index.php?rest_route=\/wp\/v2\/posts\/1466"}],"collection":[{"href":"http:\/\/www.dorin.bocu.ro\/blog\/index.php?rest_route=\/wp\/v2\/posts"}],"about":[{"href":"http:\/\/www.dorin.bocu.ro\/blog\/index.php?rest_route=\/wp\/v2\/types\/post"}],"author":[{"embeddable":true,"href":"http:\/\/www.dorin.bocu.ro\/blog\/index.php?rest_route=\/wp\/v2\/users\/1"}],"replies":[{"embeddable":true,"href":"http:\/\/www.dorin.bocu.ro\/blog\/index.php?rest_route=%2Fwp%2Fv2%2Fcomments&post=1466"}],"version-history":[{"count":1,"href":"http:\/\/www.dorin.bocu.ro\/blog\/index.php?rest_route=\/wp\/v2\/posts\/1466\/revisions"}],"predecessor-version":[{"id":1467,"href":"http:\/\/www.dorin.bocu.ro\/blog\/index.php?rest_route=\/wp\/v2\/posts\/1466\/revisions\/1467"}],"wp:attachment":[{"href":"http:\/\/www.dorin.bocu.ro\/blog\/index.php?rest_route=%2Fwp%2Fv2%2Fmedia&parent=1466"}],"wp:term":[{"taxonomy":"category","embeddable":true,"href":"http:\/\/www.dorin.bocu.ro\/blog\/index.php?rest_route=%2Fwp%2Fv2%2Fcategories&post=1466"},{"taxonomy":"post_tag","embeddable":true,"href":"http:\/\/www.dorin.bocu.ro\/blog\/index.php?rest_route=%2Fwp%2Fv2%2Ftags&post=1466"}],"curies":[{"name":"wp","href":"https:\/\/api.w.org\/{rel}","templated":true}]}}