{"id":1427,"date":"2021-05-14T11:49:17","date_gmt":"2021-05-14T11:49:17","guid":{"rendered":"http:\/\/www.dorin.bocu.ro\/blog\/?p=1427"},"modified":"2021-05-14T11:49:19","modified_gmt":"2021-05-14T11:49:19","slug":"m-as-ascunde-de-as-putea","status":"publish","type":"post","link":"http:\/\/www.dorin.bocu.ro\/blog\/?p=1427","title":{"rendered":"M-A\u0218 ASCUNDE DE-A\u0218 PUTEA"},"content":{"rendered":"\n<figure class=\"wp-block-gallery columns-0 is-cropped\"><ul class=\"blocks-gallery-grid\"><\/ul><\/figure>\n\n\n\n<p>Bl\u00e2nde,<\/p>\n\n\n\n<p>clopotele sun\u0103,<\/p>\n\n\n\n<p>omenia<\/p>\n\n\n\n<p>o adun\u0103.<\/p>\n\n\n\n<p>Omenie<\/p>\n\n\n\n<p>ce-a r\u0103mas<\/p>\n\n\n\n<p>ca un cuget<\/p>\n\n\n\n<p>f\u0103r\u0103 glas.<\/p>\n\n\n\n<p>Peste lini\u0219tea<\/p>\n\n\n\n<p>din sat,<\/p>\n\n\n\n<p>vremuri noi<\/p>\n\n\n\n<p>s-au rev\u0103rsat.<\/p>\n\n\n\n<p>Pe t\u0103cute,<\/p>\n\n\n\n<p>f\u0103r\u0103 valuri,<\/p>\n\n\n\n<p>au mu\u0219cat<\/p>\n\n\n\n<p>ad\u00e2nc din maluri.<\/p>\n\n\n\n<p>Nu mai are<\/p>\n\n\n\n<p>nici un rost<\/p>\n\n\n\n<p>s\u0103 tr\u0103ie\u0219ti \u00een lumea-n care<\/p>\n\n\n\n<p>omenia-i contracost.<\/p>\n\n\n\n<p>Ar fi zis,<\/p>\n\n\n\n<p>z\u00e2mbind \u0219trengar,<\/p>\n\n\n\n<p>\u00eenainte s\u0103-\u0219i dea duhul,<\/p>\n\n\n\n<p>Mitu Stanciu, popicar.<\/p>\n\n\n\n<p>Auzind,<\/p>\n\n\n\n<p>Neagu Prundaru<\/p>\n\n\n\n<p>\u00ee\u0219i goli iute<\/p>\n\n\n\n<p>paharul.<\/p>\n\n\n\n<p>De rachiu,<\/p>\n\n\n\n<p>zic\u00e2nd \u00een sine,<\/p>\n\n\n\n<p>apoi asta<\/p>\n\n\n\n<p>nu-i prea bine!<\/p>\n\n\n\n<p>Trece vremea,<\/p>\n\n\n\n<p>curge g\u00e2rla,<\/p>\n\n\n\n<p>st\u0103 la soare agitat\u0103<\/p>\n\n\n\n<p>de du\u0219manii ei \u0219op\u00e2rla.<\/p>\n\n\n\n<p>M-a\u0219 ascunde,<\/p>\n\n\n\n<p>de-a\u0219 putea,<\/p>\n\n\n\n<p>\u00een p\u0103dure<\/p>\n\n\n\n<p>undeva.<\/p>\n\n\n\n<p>S\u0103 r\u0103m\u00e2n\u0103<\/p>\n\n\n\n<p>o c\u0103rare,<\/p>\n\n\n\n<p>s\u0103 m\u0103 pot plimba \u00een voie<\/p>\n\n\n\n<p>diminea\u021ba pe r\u0103coare.<\/p>\n\n\n\n<p>P\u00e2n\u0103-n satul<\/p>\n\n\n\n<p>unde moare<\/p>\n\n\n\n<p>omenia z\u00e2mbitoare.<\/p>\n","protected":false},"excerpt":{"rendered":"<p>Bl\u00e2nde, clopotele sun\u0103, omenia o adun\u0103. Omenie ce-a r\u0103mas ca un cuget f\u0103r\u0103 glas. Peste lini\u0219tea din sat, vremuri noi s-au rev\u0103rsat. Pe t\u0103cute, f\u0103r\u0103 valuri, au mu\u0219cat ad\u00e2nc din maluri. Nu mai are nici un rost s\u0103 tr\u0103ie\u0219ti \u00een lumea-n care omenia-i contracost. Ar fi zis, z\u00e2mbind \u0219trengar, \u00eenainte s\u0103-\u0219i dea duhul, Mitu Stanciu, &hellip; <a href=\"http:\/\/www.dorin.bocu.ro\/blog\/?p=1427\" class=\"more-link\">Continu\u0103 s\u0103 cite\u0219ti <span class=\"screen-reader-text\">M-A\u0218 ASCUNDE DE-A\u0218 PUTEA<\/span><\/a><\/p>\n","protected":false},"author":1,"featured_media":0,"comment_status":"open","ping_status":"open","sticky":false,"template":"","format":"gallery","meta":[],"categories":[1],"tags":[],"_links":{"self":[{"href":"http:\/\/www.dorin.bocu.ro\/blog\/index.php?rest_route=\/wp\/v2\/posts\/1427"}],"collection":[{"href":"http:\/\/www.dorin.bocu.ro\/blog\/index.php?rest_route=\/wp\/v2\/posts"}],"about":[{"href":"http:\/\/www.dorin.bocu.ro\/blog\/index.php?rest_route=\/wp\/v2\/types\/post"}],"author":[{"embeddable":true,"href":"http:\/\/www.dorin.bocu.ro\/blog\/index.php?rest_route=\/wp\/v2\/users\/1"}],"replies":[{"embeddable":true,"href":"http:\/\/www.dorin.bocu.ro\/blog\/index.php?rest_route=%2Fwp%2Fv2%2Fcomments&post=1427"}],"version-history":[{"count":1,"href":"http:\/\/www.dorin.bocu.ro\/blog\/index.php?rest_route=\/wp\/v2\/posts\/1427\/revisions"}],"predecessor-version":[{"id":1428,"href":"http:\/\/www.dorin.bocu.ro\/blog\/index.php?rest_route=\/wp\/v2\/posts\/1427\/revisions\/1428"}],"wp:attachment":[{"href":"http:\/\/www.dorin.bocu.ro\/blog\/index.php?rest_route=%2Fwp%2Fv2%2Fmedia&parent=1427"}],"wp:term":[{"taxonomy":"category","embeddable":true,"href":"http:\/\/www.dorin.bocu.ro\/blog\/index.php?rest_route=%2Fwp%2Fv2%2Fcategories&post=1427"},{"taxonomy":"post_tag","embeddable":true,"href":"http:\/\/www.dorin.bocu.ro\/blog\/index.php?rest_route=%2Fwp%2Fv2%2Ftags&post=1427"}],"curies":[{"name":"wp","href":"https:\/\/api.w.org\/{rel}","templated":true}]}}