{"id":1364,"date":"2021-04-15T15:39:28","date_gmt":"2021-04-15T15:39:28","guid":{"rendered":"http:\/\/www.dorin.bocu.ro\/blog\/?p=1364"},"modified":"2021-04-15T19:08:50","modified_gmt":"2021-04-15T19:08:50","slug":"portretul-lui-gheorghe-moise-zis-si-haplea","status":"publish","type":"post","link":"http:\/\/www.dorin.bocu.ro\/blog\/?p=1364","title":{"rendered":"Portretul lui Gheorghe Moise zis \u0219i Haplea"},"content":{"rendered":"\n<figure class=\"wp-block-gallery columns-0 is-cropped\"><ul class=\"blocks-gallery-grid\"><\/ul><\/figure>\n\n\n\n<pre class=\"wp-block-preformatted\">Bomb\u0103nind\nmetec\u0103ind\nGheorghe Moise\nzis \u0219i Haplea\nse apropia\ndin vale\np\u0103rea sincer afumat\navea pasul\ncam s\u0103ltat\nasimetric\nc\u0103ci trecuse\n\u00eentr-o doar\u0103\npe la mat\ncu musta\u021ba\nruginit\u0103\nde la \u021buic\u0103\n\u0219i fumat\n\nTotu\u0219i\nera falnic\nGheorghe Moise\nca b\u0103rbat\n\nS-a oprit\nz\u00e2mbind\npe buza\n\u0219an\u021bului de ploi stricat\nse uita\nt\u0103cut\nspre mine\ncum se uit\u0103\nSf\u00e2ntul Petru\nla copii care joac\u0103\n\u021burc\u0103\n\u021burc\u0103\n\u0219i iar \u021burc\u0103\n\u00een suhat\n\nCum te cheam\u0103\nm\u0103i cre\u0219tine?\nDracu-n praznic\n\u021burlai-zvurlai\ncine \u0219tie\nam uitat\n\nTu e\u0219ti \u0103la care c\u00e2nt\u0103\nserenade\ncu cimpoiul\nz\u0103rilor\npe \u00eenserat?\n\nBre Nea Gheorghe\nai respectul meu\nde-a pururi\ndar n-am timp\nde tr\u0103nc\u0103neal\u0103\nsunt\ncu voia dumitale\nocupat\n\nMda\nse vede\nstai la soare\n\u00eencordarea cuget\u0103rii\nse \u00eentinde\npe obrazul t\u0103u\nbronzat\n\nBre Nea Gheorghe\nia un loc\n\u0219i zi mai bine\nce anume te aduse\ndintre v\u0103i\nla noi \u00een sat\n\nM\u0103 aduse\nm\u0103i copile\ndorul de-a sim\u021bi\no clip\u0103\nbucuria de-a-n\u021belege\nfericirea\nprintre mu\u0219te\nap\u0103sat\n\nSe prea poate\neu aici\nprecum se vede\ndin n\u0103molul plictiselii\nconstruiesc castele-n care\nmu\u0219tele se-a\u0219tern la sfat\n\n...A\u0219 mai sta\ndar nu se cade\nditai omul\ns\u0103 se lase\nde un \u021b\u00e2nc\n\u00eempresurat?!\n<\/pre>\n\n\n\n<p><\/p>\n","protected":false},"excerpt":{"rendered":"<p>Bomb\u0103nind metec\u0103ind Gheorghe Moise zis \u0219i Haplea se apropia din vale p\u0103rea sincer afumat avea pasul cam s\u0103ltat asimetric c\u0103ci trecuse \u00eentr-o doar\u0103 pe la mat cu musta\u021ba ruginit\u0103 de la \u021buic\u0103 \u0219i fumat Totu\u0219i era falnic Gheorghe Moise ca b\u0103rbat S-a oprit z\u00e2mbind pe buza \u0219an\u021bului de ploi stricat se uita t\u0103cut spre mine &hellip; <a href=\"http:\/\/www.dorin.bocu.ro\/blog\/?p=1364\" class=\"more-link\">Continu\u0103 s\u0103 cite\u0219ti <span class=\"screen-reader-text\">Portretul lui Gheorghe Moise zis \u0219i Haplea<\/span><\/a><\/p>\n","protected":false},"author":1,"featured_media":0,"comment_status":"open","ping_status":"open","sticky":false,"template":"","format":"gallery","meta":[],"categories":[1],"tags":[],"_links":{"self":[{"href":"http:\/\/www.dorin.bocu.ro\/blog\/index.php?rest_route=\/wp\/v2\/posts\/1364"}],"collection":[{"href":"http:\/\/www.dorin.bocu.ro\/blog\/index.php?rest_route=\/wp\/v2\/posts"}],"about":[{"href":"http:\/\/www.dorin.bocu.ro\/blog\/index.php?rest_route=\/wp\/v2\/types\/post"}],"author":[{"embeddable":true,"href":"http:\/\/www.dorin.bocu.ro\/blog\/index.php?rest_route=\/wp\/v2\/users\/1"}],"replies":[{"embeddable":true,"href":"http:\/\/www.dorin.bocu.ro\/blog\/index.php?rest_route=%2Fwp%2Fv2%2Fcomments&post=1364"}],"version-history":[{"count":8,"href":"http:\/\/www.dorin.bocu.ro\/blog\/index.php?rest_route=\/wp\/v2\/posts\/1364\/revisions"}],"predecessor-version":[{"id":1372,"href":"http:\/\/www.dorin.bocu.ro\/blog\/index.php?rest_route=\/wp\/v2\/posts\/1364\/revisions\/1372"}],"wp:attachment":[{"href":"http:\/\/www.dorin.bocu.ro\/blog\/index.php?rest_route=%2Fwp%2Fv2%2Fmedia&parent=1364"}],"wp:term":[{"taxonomy":"category","embeddable":true,"href":"http:\/\/www.dorin.bocu.ro\/blog\/index.php?rest_route=%2Fwp%2Fv2%2Fcategories&post=1364"},{"taxonomy":"post_tag","embeddable":true,"href":"http:\/\/www.dorin.bocu.ro\/blog\/index.php?rest_route=%2Fwp%2Fv2%2Ftags&post=1364"}],"curies":[{"name":"wp","href":"https:\/\/api.w.org\/{rel}","templated":true}]}}