{"id":1342,"date":"2021-04-04T16:15:18","date_gmt":"2021-04-04T16:15:18","guid":{"rendered":"http:\/\/www.dorin.bocu.ro\/blog\/?p=1342"},"modified":"2021-04-04T16:15:19","modified_gmt":"2021-04-04T16:15:19","slug":"vino-ti-tinere-in-fire","status":"publish","type":"post","link":"http:\/\/www.dorin.bocu.ro\/blog\/?p=1342","title":{"rendered":"VINO-\u021aI TINERE \u00ceN FIRE&#8230;"},"content":{"rendered":"\n<figure class=\"wp-block-gallery columns-0 is-cropped\"><ul class=\"blocks-gallery-grid\"><\/ul><\/figure>\n\n\n\n<pre class=\"wp-block-preformatted\">Vine vremea \ns\u0103 privim\ncolb de uli\u021b\u0103 \n\u0219i stele\nasfin\u021bit de \u021bintirim\ncu sur\u00e2s \nf\u0103r\u0103 perdele\nveac sucit\ncine mai \u0219tie\napele \ndin vechea matc\u0103\ndac\u0103 nu vor fi pierit\n\u0219i \u00een locul lor\nprigoana \ndegrad\u0103rii\na rodit\nnu mai sunt\npoteci pe care\nprim\u0103veri sc\u0103ldate-n soare\nalergam\nlipsit de aripi\n\u0219i credeam c\u0103 lumea-ntreag\u0103\na ajuns nemuritoare\nunde zbori\nstrigau salc\u00e2mii\nproasp\u0103t n\u0103pusti\u021bi de floare\npeste s\u0103lcii \u0219i izvoare\nsunt un rege\ncare simte\nuniversul cum \u00eei trage\nclipele de sub picioare\nDoamne\nde eram privighetoare\na\u0219 fi pl\u00e2ns\nde parc\u0103-n mine\nrapsodia resemn\u0103rii\navea glas de fat\u0103 mare\n\u0219i c\u00e2nta \ntrec\u00e2nd voioas\u0103\npeste \u021barini \u0219i r\u0103zoare\nvino-\u021bi tinere\n\u00een fire\nvia\u021ba omului r\u0103m\u00e2ne\no himer\u0103\ncare are\nnostalgii de nemurire\nparalele cu dorin\u021ba\nlui de-a fi\nst\u0103p\u00e2n pe clipa\nrumen\u0103\n\u00een\u0219el\u0103toare.\n\n\n\n\n\n<\/pre>\n","protected":false},"excerpt":{"rendered":"<p>Vine vremea s\u0103 privim colb de uli\u021b\u0103 \u0219i stele asfin\u021bit de \u021bintirim cu sur\u00e2s f\u0103r\u0103 perdele veac sucit cine mai \u0219tie apele din vechea matc\u0103 dac\u0103 nu vor fi pierit \u0219i \u00een locul lor prigoana degrad\u0103rii a rodit nu mai sunt poteci pe care prim\u0103veri sc\u0103ldate-n soare alergam lipsit de aripi \u0219i credeam c\u0103 lumea-ntreag\u0103 &hellip; <a href=\"http:\/\/www.dorin.bocu.ro\/blog\/?p=1342\" class=\"more-link\">Continu\u0103 s\u0103 cite\u0219ti <span class=\"screen-reader-text\">VINO-\u021aI TINERE \u00ceN FIRE&#8230;<\/span><\/a><\/p>\n","protected":false},"author":1,"featured_media":0,"comment_status":"open","ping_status":"open","sticky":false,"template":"","format":"gallery","meta":[],"categories":[1],"tags":[],"_links":{"self":[{"href":"http:\/\/www.dorin.bocu.ro\/blog\/index.php?rest_route=\/wp\/v2\/posts\/1342"}],"collection":[{"href":"http:\/\/www.dorin.bocu.ro\/blog\/index.php?rest_route=\/wp\/v2\/posts"}],"about":[{"href":"http:\/\/www.dorin.bocu.ro\/blog\/index.php?rest_route=\/wp\/v2\/types\/post"}],"author":[{"embeddable":true,"href":"http:\/\/www.dorin.bocu.ro\/blog\/index.php?rest_route=\/wp\/v2\/users\/1"}],"replies":[{"embeddable":true,"href":"http:\/\/www.dorin.bocu.ro\/blog\/index.php?rest_route=%2Fwp%2Fv2%2Fcomments&post=1342"}],"version-history":[{"count":6,"href":"http:\/\/www.dorin.bocu.ro\/blog\/index.php?rest_route=\/wp\/v2\/posts\/1342\/revisions"}],"predecessor-version":[{"id":1348,"href":"http:\/\/www.dorin.bocu.ro\/blog\/index.php?rest_route=\/wp\/v2\/posts\/1342\/revisions\/1348"}],"wp:attachment":[{"href":"http:\/\/www.dorin.bocu.ro\/blog\/index.php?rest_route=%2Fwp%2Fv2%2Fmedia&parent=1342"}],"wp:term":[{"taxonomy":"category","embeddable":true,"href":"http:\/\/www.dorin.bocu.ro\/blog\/index.php?rest_route=%2Fwp%2Fv2%2Fcategories&post=1342"},{"taxonomy":"post_tag","embeddable":true,"href":"http:\/\/www.dorin.bocu.ro\/blog\/index.php?rest_route=%2Fwp%2Fv2%2Ftags&post=1342"}],"curies":[{"name":"wp","href":"https:\/\/api.w.org\/{rel}","templated":true}]}}