{"id":1337,"date":"2021-04-03T13:21:02","date_gmt":"2021-04-03T13:21:02","guid":{"rendered":"http:\/\/www.dorin.bocu.ro\/blog\/?p=1337"},"modified":"2021-04-03T13:38:58","modified_gmt":"2021-04-03T13:38:58","slug":"bunicul","status":"publish","type":"post","link":"http:\/\/www.dorin.bocu.ro\/blog\/?p=1337","title":{"rendered":"ABIA ATUNCI A PL\u00c2NS"},"content":{"rendered":"\n<figure class=\"wp-block-gallery columns-0 is-cropped\"><ul class=\"blocks-gallery-grid\"><\/ul><\/figure>\n\n\n\n<pre class=\"wp-block-preformatted\">Bunicul imi zicea\nfiind bolnav\nc\u0103zut la pat\nde-a\u0219 mai putea s\u0103 v\u0103d odat\u0103\nsoarele dans\u00e2nd pe maluri\n\u0219i o ploaie care spal\u0103\nomenirea de p\u0103cat...\n\nEu\nadolescent \u00een criz\u0103 serioas\u0103\nde cuvinte \ni-am \u00een\u021beles durerea\nl-am privit \u00een ochii \nplini de lacrimi r\u0103v\u0103\u0219ite\n\u0219i pentru-o clip\u0103\npur \u0219i simplu m-am blocat.\n\n\u00centr-un t\u00e2rziu\nm\u00e2nat de-o for\u021b\u0103 ne\u0219tiut\u0103\nl-am luat \u00een bra\u021be\n\u0219i-n ureche i-am \u0219optit\ntransfigurat\nmereu mi-ai spus \nc\u0103 omul este doar o umbr\u0103\na celui care l-a creat.\n\nTe rog\na\u0219tept un z\u00e2mbet \n\u00een aceast\u0103 clip\u0103\nde la tine\neu\ncare-am mers pe urma ta\nadesea\nde c\u00e2nd se lumina de ziu\u0103\n\u0219i p\u00e2n\u0103 c\u00e2nd amurgul\na\u0219ternea t\u0103cerea peste sat.\n\nAbia atunci\na pl\u00e2ns\nuit\u00e2nd de sine\n\u0219i de setea lui \nde-a fi din nou b\u0103rbat\na adormit\nu\u0219or\nde amintirea unor g\u00e2nduri\n\u00eenc\u0103 ferme\nluminat.\n<\/pre>\n\n\n\n<p><\/p>\n","protected":false},"excerpt":{"rendered":"<p>Bunicul imi zicea fiind bolnav c\u0103zut la pat de-a\u0219 mai putea s\u0103 v\u0103d odat\u0103 soarele dans\u00e2nd pe maluri \u0219i o ploaie care spal\u0103 omenirea de p\u0103cat&#8230; Eu adolescent \u00een criz\u0103 serioas\u0103 de cuvinte i-am \u00een\u021beles durerea l-am privit \u00een ochii plini de lacrimi r\u0103v\u0103\u0219ite \u0219i pentru-o clip\u0103 pur \u0219i simplu m-am blocat. \u00centr-un t\u00e2rziu m\u00e2nat &hellip; <a href=\"http:\/\/www.dorin.bocu.ro\/blog\/?p=1337\" class=\"more-link\">Continu\u0103 s\u0103 cite\u0219ti <span class=\"screen-reader-text\">ABIA ATUNCI A PL\u00c2NS<\/span><\/a><\/p>\n","protected":false},"author":1,"featured_media":0,"comment_status":"open","ping_status":"open","sticky":false,"template":"","format":"gallery","meta":[],"categories":[1],"tags":[],"_links":{"self":[{"href":"http:\/\/www.dorin.bocu.ro\/blog\/index.php?rest_route=\/wp\/v2\/posts\/1337"}],"collection":[{"href":"http:\/\/www.dorin.bocu.ro\/blog\/index.php?rest_route=\/wp\/v2\/posts"}],"about":[{"href":"http:\/\/www.dorin.bocu.ro\/blog\/index.php?rest_route=\/wp\/v2\/types\/post"}],"author":[{"embeddable":true,"href":"http:\/\/www.dorin.bocu.ro\/blog\/index.php?rest_route=\/wp\/v2\/users\/1"}],"replies":[{"embeddable":true,"href":"http:\/\/www.dorin.bocu.ro\/blog\/index.php?rest_route=%2Fwp%2Fv2%2Fcomments&post=1337"}],"version-history":[{"count":3,"href":"http:\/\/www.dorin.bocu.ro\/blog\/index.php?rest_route=\/wp\/v2\/posts\/1337\/revisions"}],"predecessor-version":[{"id":1340,"href":"http:\/\/www.dorin.bocu.ro\/blog\/index.php?rest_route=\/wp\/v2\/posts\/1337\/revisions\/1340"}],"wp:attachment":[{"href":"http:\/\/www.dorin.bocu.ro\/blog\/index.php?rest_route=%2Fwp%2Fv2%2Fmedia&parent=1337"}],"wp:term":[{"taxonomy":"category","embeddable":true,"href":"http:\/\/www.dorin.bocu.ro\/blog\/index.php?rest_route=%2Fwp%2Fv2%2Fcategories&post=1337"},{"taxonomy":"post_tag","embeddable":true,"href":"http:\/\/www.dorin.bocu.ro\/blog\/index.php?rest_route=%2Fwp%2Fv2%2Ftags&post=1337"}],"curies":[{"name":"wp","href":"https:\/\/api.w.org\/{rel}","templated":true}]}}