{"id":1331,"date":"2021-04-02T14:27:41","date_gmt":"2021-04-02T14:27:41","guid":{"rendered":"http:\/\/www.dorin.bocu.ro\/blog\/?p=1331"},"modified":"2021-04-02T14:27:42","modified_gmt":"2021-04-02T14:27:42","slug":"mor-cuvinte","status":"publish","type":"post","link":"http:\/\/www.dorin.bocu.ro\/blog\/?p=1331","title":{"rendered":"Mor cuvinte&#8230;"},"content":{"rendered":"\n<figure class=\"wp-block-gallery columns-0 is-cropped\"><ul class=\"blocks-gallery-grid\"><\/ul><\/figure>\n\n\n\n<pre class=\"wp-block-preformatted\">B\u00e2ld\u00e2b\u00e2c \n\u0219i hu\u0219tiuluc\naruncam \u00een lac cochilii\nde gasteropode albe\nculese de Mo\u0219 T\u0103g\u00e2r\u021b\u0103\nzis \u0219i Nae Ba\u0219buzuc\nde pe paji\u0219tea\nperfect\u0103\na lui nea Avram \nfrizerul\ncel cu prispa rezemat\u0103\nde t\u0103cerea unui nuc.\n\nP\u00e2rghie\n\u0219i mangeal\u00e2c\nlemn de fag cioplit cu barda\nde bunicul\nmare me\u0219ter \ndin \u021binutul Carcal\u00e2c\n\u0219i t\u0103iat la clopsic\niarna\nca s\u0103-i fac\u0103\nDoamnei Neaga\nscar\u0103 pentru podul casei\n\u0219i la prisp\u0103 parmal\u00e2c.\n\nAcaret\n\u0219i balabust\u0103\n\u00ee\u0219i luase \nStan fl\u0103c\u0103ul\npe furi\u0219\nun fel de \u0219ust\u0103\ns\u0103 nu r\u00e2d\u0103\npe la col\u021buri \ngura lumii\nc-a\u0219a-i omul\ncurios ca o mangust\u0103.\n\nHacana\n\u0219i mandravel\u0103\ncu m\u00e2r\u021boaga lui \ng\u0103tit\u0103\ntrece pe la por\u021bi\n\u021biganul\ns\u0103 ne-arate \ngramofonul\n\u00eenv\u00e2rtind la manivel\u0103.\n\nCaloian\n\u0219i paparud\u0103\na secat \nf\u00e2nt\u00e2na-n ceruri\nau ie\u0219it la vaduri \u0219erpii\nvl\u0103guit\u0103,\nprintre pietre\ncurge g\u00e2rla\nprin nisip \u0219i iarb\u0103 crud\u0103.\n\nAferim\n\u0219i besactea\npuradeii lui Nea Stere\ndorm \nsub salcia pletoas\u0103\niar zl\u0103tarul \nla \u0219osea\nface tuciuri\nspoi-tingiri \u0219i mii de planuri\ncum s\u0103-\u0219i dreag\u0103 \ncoviltirul st\u00e2nd la umbr\u0103\ncu muierea lui \nsmolit\u0103\nca o gur\u0103 de ci\u0219mea.\n\nDandana\n\u0219i balamuc\na murit \u00een zori\nfemeia\nlui nea Miclea\nzis Ciubuc\nbate clopotul \u00een dung\u0103\naferim \u0219i hu\u0219tiuluc\nmor cuvinte\nmor \u0219i oameni\nnu rezist\u0103 mult \nlaleaua\nr\u0103t\u0103cit\u0103 sub un nuc.\n<\/pre>\n\n\n\n<p><\/p>\n","protected":false},"excerpt":{"rendered":"<p>B\u00e2ld\u00e2b\u00e2c \u0219i hu\u0219tiuluc aruncam \u00een lac cochilii de gasteropode albe culese de Mo\u0219 T\u0103g\u00e2r\u021b\u0103 zis \u0219i Nae Ba\u0219buzuc de pe paji\u0219tea perfect\u0103 a lui nea Avram frizerul cel cu prispa rezemat\u0103 de t\u0103cerea unui nuc. P\u00e2rghie \u0219i mangeal\u00e2c lemn de fag cioplit cu barda de bunicul mare me\u0219ter din \u021binutul Carcal\u00e2c \u0219i t\u0103iat la clopsic &hellip; <a href=\"http:\/\/www.dorin.bocu.ro\/blog\/?p=1331\" class=\"more-link\">Continu\u0103 s\u0103 cite\u0219ti <span class=\"screen-reader-text\">Mor cuvinte&#8230;<\/span><\/a><\/p>\n","protected":false},"author":1,"featured_media":0,"comment_status":"open","ping_status":"open","sticky":false,"template":"","format":"gallery","meta":[],"categories":[1],"tags":[],"_links":{"self":[{"href":"http:\/\/www.dorin.bocu.ro\/blog\/index.php?rest_route=\/wp\/v2\/posts\/1331"}],"collection":[{"href":"http:\/\/www.dorin.bocu.ro\/blog\/index.php?rest_route=\/wp\/v2\/posts"}],"about":[{"href":"http:\/\/www.dorin.bocu.ro\/blog\/index.php?rest_route=\/wp\/v2\/types\/post"}],"author":[{"embeddable":true,"href":"http:\/\/www.dorin.bocu.ro\/blog\/index.php?rest_route=\/wp\/v2\/users\/1"}],"replies":[{"embeddable":true,"href":"http:\/\/www.dorin.bocu.ro\/blog\/index.php?rest_route=%2Fwp%2Fv2%2Fcomments&post=1331"}],"version-history":[{"count":5,"href":"http:\/\/www.dorin.bocu.ro\/blog\/index.php?rest_route=\/wp\/v2\/posts\/1331\/revisions"}],"predecessor-version":[{"id":1336,"href":"http:\/\/www.dorin.bocu.ro\/blog\/index.php?rest_route=\/wp\/v2\/posts\/1331\/revisions\/1336"}],"wp:attachment":[{"href":"http:\/\/www.dorin.bocu.ro\/blog\/index.php?rest_route=%2Fwp%2Fv2%2Fmedia&parent=1331"}],"wp:term":[{"taxonomy":"category","embeddable":true,"href":"http:\/\/www.dorin.bocu.ro\/blog\/index.php?rest_route=%2Fwp%2Fv2%2Fcategories&post=1331"},{"taxonomy":"post_tag","embeddable":true,"href":"http:\/\/www.dorin.bocu.ro\/blog\/index.php?rest_route=%2Fwp%2Fv2%2Ftags&post=1331"}],"curies":[{"name":"wp","href":"https:\/\/api.w.org\/{rel}","templated":true}]}}