{"id":1293,"date":"2021-03-20T16:08:40","date_gmt":"2021-03-20T16:08:40","guid":{"rendered":"http:\/\/www.dorin.bocu.ro\/blog\/?p=1293"},"modified":"2021-03-20T16:18:41","modified_gmt":"2021-03-20T16:18:41","slug":"paradisul-improvizat-al-universului","status":"publish","type":"post","link":"http:\/\/www.dorin.bocu.ro\/blog\/?p=1293","title":{"rendered":"Paradisul improvizat al universului"},"content":{"rendered":"\n<figure class=\"wp-block-gallery columns-0 is-cropped\"><ul class=\"blocks-gallery-grid\"><\/ul><\/figure>\n\n\n\n<pre class=\"wp-block-preformatted\">Am \u00eenceput s\u0103 vorbesc \ncam mult\nam uitat c\u00e2t de igenic este \ns\u0103 vreau s\u0103 ascult\nav\u00e2nd doar privirea \nliber\u0103 s\u0103 zburde \npe chipurile nepereche\nale oamenilor\n\u0219i pe cocoa\u0219ele bl\u00e2nde \nale poienilor\nparc\u0103 le aud chem\u00e2ndu-m\u0103\nn\u0103t\u0103fle\u021bule \nvino s\u0103 dormi\n\u00een parfum de coada \u0219oricelului\nhabar nu ai\ncum pot lucra pentru tine\ninvizibilele for\u021be\ncare \u021bin lumea \u00een mi\u0219care\nte-ai ramolit\nvisezi tot mai pu\u021bin\ne\u0219ti dependent de amintiri\nprezentul\nce s\u0103 mai vorbim de prezent\na r\u0103mas f\u0103r\u0103 st\u00e2lpii credin\u021belor de alt\u0103dat\u0103\nniciodat\u0103 perfecte\ndar f\u0103r\u0103 ele\n\u00eencotro vor s\u0103 ne duc\u0103\nmega oportuni\u0219tii\nuniversului acesta\ngeopolitic\ngerminat de \u021b\u0103r\u00e2na obosit\u0103 a acestui mileniu\nheteroclit\ns\u0103 ne oprim a\u0219adar\ndin \u00eempro\u0219carea omenirii cu vorbe\nf\u0103r\u0103 \u00eenceput \n\u0219i f\u0103r\u0103 sf\u00e2r\u0219it\nnu \u0219tiu de ce mi-am amintit \nlini\u0219tea \n\u0219i de ce nu temerile \npe care poate c\u0103 le are vulturul\nc\u00e2nd zboar\u0103 f\u0103r\u0103 busol\u0103\ndup\u0103 siest\u0103\nca \u0219i c\u00e2nd ar vrea s\u0103-mi spun\u0103\neu\ndup\u0103 fiecare lupt\u0103 \ncu necunoscutul\nm\u0103 las purtat \nde m\u00e2ng\u00e2ierea v\u00e2ntului\n\u0219i acela este momentul \u00een care\n\u00eemi amintesc \nde vorbele dint\u00e2i ale Creatorului\nto\u021bi sunte\u021bi una\n\u0219i una sunte\u021bi to\u021bi\n\u00een paradisul improvizat\nal universului.\n<\/pre>\n\n\n\n<p><\/p>\n","protected":false},"excerpt":{"rendered":"<p>Am \u00eenceput s\u0103 vorbesc cam mult am uitat c\u00e2t de igenic este s\u0103 vreau s\u0103 ascult av\u00e2nd doar privirea liber\u0103 s\u0103 zburde pe chipurile nepereche ale oamenilor \u0219i pe cocoa\u0219ele bl\u00e2nde ale poienilor parc\u0103 le aud chem\u00e2ndu-m\u0103 n\u0103t\u0103fle\u021bule vino s\u0103 dormi \u00een parfum de coada \u0219oricelului habar nu ai cum pot lucra pentru tine invizibilele &hellip; <a href=\"http:\/\/www.dorin.bocu.ro\/blog\/?p=1293\" class=\"more-link\">Continu\u0103 s\u0103 cite\u0219ti <span class=\"screen-reader-text\">Paradisul improvizat al universului<\/span><\/a><\/p>\n","protected":false},"author":1,"featured_media":0,"comment_status":"open","ping_status":"open","sticky":false,"template":"","format":"gallery","meta":[],"categories":[1],"tags":[],"_links":{"self":[{"href":"http:\/\/www.dorin.bocu.ro\/blog\/index.php?rest_route=\/wp\/v2\/posts\/1293"}],"collection":[{"href":"http:\/\/www.dorin.bocu.ro\/blog\/index.php?rest_route=\/wp\/v2\/posts"}],"about":[{"href":"http:\/\/www.dorin.bocu.ro\/blog\/index.php?rest_route=\/wp\/v2\/types\/post"}],"author":[{"embeddable":true,"href":"http:\/\/www.dorin.bocu.ro\/blog\/index.php?rest_route=\/wp\/v2\/users\/1"}],"replies":[{"embeddable":true,"href":"http:\/\/www.dorin.bocu.ro\/blog\/index.php?rest_route=%2Fwp%2Fv2%2Fcomments&post=1293"}],"version-history":[{"count":8,"href":"http:\/\/www.dorin.bocu.ro\/blog\/index.php?rest_route=\/wp\/v2\/posts\/1293\/revisions"}],"predecessor-version":[{"id":1303,"href":"http:\/\/www.dorin.bocu.ro\/blog\/index.php?rest_route=\/wp\/v2\/posts\/1293\/revisions\/1303"}],"wp:attachment":[{"href":"http:\/\/www.dorin.bocu.ro\/blog\/index.php?rest_route=%2Fwp%2Fv2%2Fmedia&parent=1293"}],"wp:term":[{"taxonomy":"category","embeddable":true,"href":"http:\/\/www.dorin.bocu.ro\/blog\/index.php?rest_route=%2Fwp%2Fv2%2Fcategories&post=1293"},{"taxonomy":"post_tag","embeddable":true,"href":"http:\/\/www.dorin.bocu.ro\/blog\/index.php?rest_route=%2Fwp%2Fv2%2Ftags&post=1293"}],"curies":[{"name":"wp","href":"https:\/\/api.w.org\/{rel}","templated":true}]}}