{"id":1256,"date":"2021-03-07T15:30:34","date_gmt":"2021-03-07T15:30:34","guid":{"rendered":"http:\/\/www.dorin.bocu.ro\/blog\/?p=1256"},"modified":"2021-03-07T15:38:39","modified_gmt":"2021-03-07T15:38:39","slug":"visul","status":"publish","type":"post","link":"http:\/\/www.dorin.bocu.ro\/blog\/?p=1256","title":{"rendered":"Visul"},"content":{"rendered":"\n<figure class=\"wp-block-gallery columns-0 is-cropped\"><ul class=\"blocks-gallery-grid\"><\/ul><\/figure>\n\n\n\n<pre class=\"wp-block-preformatted\">Mai acum \no s\u0103pt\u0103m\u00e2n\u0103\nam visat c\u0103 sunt pe Lun\u0103\neram obosit \nse pare\nde distan\u021ba mult prea mare\ndintre satul meu cu dealuri\n\u0219i str\u0103ina ce vegheaz\u0103 \nale adormirii maluri\nprin nisipul \ncam prea fin\npentru ochiul meu senin\n\u00eemi t\u00e2ram picioarele\nfoarte iute soarele\ndin nisip \u021b\u00e2\u0219neau de toate\naur \nceasuri \nm\u0103rci selecte \nuneori \u0219i diamante\neram singur \n\u0219i \u00een zare\ndoar o cea\u021b\u0103 \n\u0219i un fel de v\u00e2nt \nce toarce\ndin fuiorul ei r\u0103coare\nmare \u00eent\u00e2mplare mare\nnu \u0219tiam de ce m\u0103 doare\nra\u021biunea \nc\u00e2nd nisipul colc\u0103ia de chihlimbare\nea s\u0103raca studiase \n\u00eenaintea mea \ncontextul\n\u0219i-a dedus c\u0103 nu se poate \ninvoca din nou pretextul\nc\u0103 am fost r\u0103pit\n\u00een fine\nziua \u00een amiaza mare\nde pe uli\u021ba \u00een care\neram singur \ndojenindu-mi \nmintea \nce dorea s\u0103 zboare\nca urmare \najunsesem \nzdren\u021buit\n\u00een acest t\u0103r\u00e2m pierit\nam ajuns \ndar n-ar strica\ndac\u0103 totu\u0219i a\u0219 afla\ncum de ce \u0219i mai ales\nsunt aievea eu pe Lun\u0103\nsau m-am r\u0103t\u0103cit de matc\u0103\nde prea mult consum de stres\ndeodat\u0103 om cu chipul \nluminat \u0219i f\u0103r\u0103 glas\nap\u0103ru plutind din cea\u021b\u0103\nse opri \nprivind prin mine\n\u0219i-mi transmise \ntelepatic\nc-a venit cu g\u00e2nduri bune\n\u0219i cu poft\u0103 de taifas\nc\u0103ci \u00een centrul de putere\nunde timpul nu exist\u0103\nto\u021bi s-au ferecat \u00een case\nsuper mega unduioase\n\u0219i privesc \ndormind \ng\u00e2lceava g\u00e2ndurilor n\u0103zuroase\nce cutreier\u0103 p\u0103m\u00e2ntul\n\u00eensu\u0219i Dumnezeu s\u0103racul\n\u00eemi d\u0103duse \u00eent\u00e2lnire\ns\u0103 m\u0103-ntrebe cum \u00eemi merge\ncu M\u0103ria Sa Cuv\u00e2ntul\na c\u0103zut cerul pe mine\nam sim\u021bit c\u0103 m\u0103 evapor\nasurzit de avalan\u0219a \nde interog\u0103ri divine\nei ia spune cum mai merge\nevolu\u021bia pe Terra\ntot r\u0103zboaie\ntot ho\u021bie\ntot minciun\u0103 \u0219i suspine\neu v-am \u00eenv\u0103\u021bat de bine\n\u00censu\u0219i Fiul Meu pe cruce\ns-a rugat pl\u00e2ng\u00e2nd de Mine\ns\u0103 am\u00e2n apocalipsa\np\u00e2n\u0103 c\u00e2nd s\u0103tul de Sine\nomul poc\u0103i-su-mi-sa\nte-am chemat\n\u00eemi vine greu\nce folos c\u0103-s Dumnezeu\ns\u0103 te-ntreb\nde ce-ai plecat\nc\u0103tre locuri reci \u0219i false\nf\u0103r\u0103 s\u0103 m\u0103 fi-ntrebat\ndup\u0103 tine mul\u021bi pieir\u0103\nc\u00e2nd v\u0103zur\u0103 cum se schimb\u0103\ntoate rosturile-n sat\n\u0219tiu Atotputernice\ndar ce pot s\u0103 fac\ntot omul \nse viseaz\u0103 \u00eemp\u0103rat\nsunt mai slab dec\u00e2t mi-e voia\n\u0219i mai iute ca mu\u0219tarul\nc\u00e2nd m\u0103 zg\u00e2nd\u0103r\u0103 nevoia\ntoat\u0103 lumea Te-a uitat\nnimeni nu se mai \u00eenchin\u0103\nla intrarea\nsau ie\u0219irea dintr-un sat\nto\u021bi sunt singuri\nau palate\ndar izvorul bucuriei \npentru fiecare clip\u0103\nle-a secat\nAdev\u0103rul \ngreu de dus\nunde l-a dorit Iisus\neu a\u0219 vrea\ndar nu mai pot\nnu exist\u0103 zi \u00een care\ns\u0103 nu am o sup\u0103rare\nde\u0219i \u0219tiu c\u0103 toate-s date\nomului s\u0103 se \u00eentoarc\u0103\ncu smerenia mai tare\nla ie\u0219irea din str\u00e2mtoare\ndac\u0103 tot ne-am \u00eent\u00e2lnit\nvreau s\u0103-\u021bi spun ce dor \u00eemi este\nde puterea mea de-a trece\nprintre clipe nesmintit\n\u0219i s\u0103 \u0219tii c\u0103 eu pe Tine\nbenevol\nnu Te-am hulit\nm\u0103i copile\nnu exist\u0103 rai niciunde\ndac\u0103 omul nu se-ntreab\u0103 \nc\u00e2nd se uit\u0103 \u00een oglind\u0103\ncum de \u00eenc\u0103 n-am murit!\n\n\n\n \n\n\n\n \n<\/pre>\n","protected":false},"excerpt":{"rendered":"<p>Mai acum o s\u0103pt\u0103m\u00e2n\u0103 am visat c\u0103 sunt pe Lun\u0103 eram obosit se pare de distan\u021ba mult prea mare dintre satul meu cu dealuri \u0219i str\u0103ina ce vegheaz\u0103 ale adormirii maluri prin nisipul cam prea fin pentru ochiul meu senin \u00eemi t\u00e2ram picioarele foarte iute soarele din nisip \u021b\u00e2\u0219neau de toate aur ceasuri m\u0103rci selecte &hellip; <a href=\"http:\/\/www.dorin.bocu.ro\/blog\/?p=1256\" class=\"more-link\">Continu\u0103 s\u0103 cite\u0219ti <span class=\"screen-reader-text\">Visul<\/span><\/a><\/p>\n","protected":false},"author":1,"featured_media":0,"comment_status":"open","ping_status":"open","sticky":false,"template":"","format":"gallery","meta":[],"categories":[1],"tags":[],"_links":{"self":[{"href":"http:\/\/www.dorin.bocu.ro\/blog\/index.php?rest_route=\/wp\/v2\/posts\/1256"}],"collection":[{"href":"http:\/\/www.dorin.bocu.ro\/blog\/index.php?rest_route=\/wp\/v2\/posts"}],"about":[{"href":"http:\/\/www.dorin.bocu.ro\/blog\/index.php?rest_route=\/wp\/v2\/types\/post"}],"author":[{"embeddable":true,"href":"http:\/\/www.dorin.bocu.ro\/blog\/index.php?rest_route=\/wp\/v2\/users\/1"}],"replies":[{"embeddable":true,"href":"http:\/\/www.dorin.bocu.ro\/blog\/index.php?rest_route=%2Fwp%2Fv2%2Fcomments&post=1256"}],"version-history":[{"count":14,"href":"http:\/\/www.dorin.bocu.ro\/blog\/index.php?rest_route=\/wp\/v2\/posts\/1256\/revisions"}],"predecessor-version":[{"id":1270,"href":"http:\/\/www.dorin.bocu.ro\/blog\/index.php?rest_route=\/wp\/v2\/posts\/1256\/revisions\/1270"}],"wp:attachment":[{"href":"http:\/\/www.dorin.bocu.ro\/blog\/index.php?rest_route=%2Fwp%2Fv2%2Fmedia&parent=1256"}],"wp:term":[{"taxonomy":"category","embeddable":true,"href":"http:\/\/www.dorin.bocu.ro\/blog\/index.php?rest_route=%2Fwp%2Fv2%2Fcategories&post=1256"},{"taxonomy":"post_tag","embeddable":true,"href":"http:\/\/www.dorin.bocu.ro\/blog\/index.php?rest_route=%2Fwp%2Fv2%2Ftags&post=1256"}],"curies":[{"name":"wp","href":"https:\/\/api.w.org\/{rel}","templated":true}]}}