{"id":1252,"date":"2021-03-06T14:36:51","date_gmt":"2021-03-06T14:36:51","guid":{"rendered":"http:\/\/www.dorin.bocu.ro\/blog\/?p=1252"},"modified":"2021-03-06T14:41:04","modified_gmt":"2021-03-06T14:41:04","slug":"umbra","status":"publish","type":"post","link":"http:\/\/www.dorin.bocu.ro\/blog\/?p=1252","title":{"rendered":"Umbra"},"content":{"rendered":"\n<figure class=\"wp-block-gallery columns-0 is-cropped\"><ul class=\"blocks-gallery-grid\"><\/ul><\/figure>\n\n\n\n<pre class=\"wp-block-preformatted\">Cine \u0219tie ce viseaz\u0103\ncel mai singur om din lume\n\u00een chilia lui pe care\nnici p\u0103ienjeni n-o curteaz\u0103.\n\nPat din sc\u00e2ndur\u0103 de brad\nc\u00e2t s\u0103 stai \u00een el pe fug\u0103\ncu tavanul alb \u00een pant\u0103\nvisele adev\u0103rate se lovesc de el \u0219i cad.\n\nSoba mic\u0103 muruit\u0103\narde lemnul \u0219i-l desc\u00e2nt\u0103\nlemn adus \u00een timpul verii \u00een spinarea ta t\u0103cut\u0103\n\u0219i topit cu resemnare sub a s\u0103r\u0103ciei plit\u0103.\n\nPe peretele cu soba o icoan\u0103 s-a ivit\n\u00eembr\u0103cat\u0103 \u00een triste\u021bea z\u00e2mbetului celui care \no dezmiard\u0103 c\u00e2nd se roag\u0103 \npentru clipa care \u00eenc\u0103 n-a venit.\n\nU\u0219a mic\u0103 \u0219i-o fereastr\u0103 c\u00e2t s\u0103 vezi prin ea apusul\nlungi sunt zilele de var\u0103\n\u0219i amiezile \u00een care soarele tope\u0219te-n tine\namintiri din vremea-n care \u00ee\u021bi d\u0103deai cu presupusul.\n\nNev\u0103zut, cel mult o umbr\u0103 pentru cei ce te-au r\u0103nit\neu vedeam \u00een tine cerul\nz\u00e2na zorilor \u0219i g\u00e2ndul care nu mai \u0219tie drumul\nc\u0103tre cel ce l-a rostit.\n<\/pre>\n\n\n\n<p><\/p>\n","protected":false},"excerpt":{"rendered":"<p>Cine \u0219tie ce viseaz\u0103 cel mai singur om din lume \u00een chilia lui pe care nici p\u0103ienjeni n-o curteaz\u0103. Pat din sc\u00e2ndur\u0103 de brad c\u00e2t s\u0103 stai \u00een el pe fug\u0103 cu tavanul alb \u00een pant\u0103 visele adev\u0103rate se lovesc de el \u0219i cad. Soba mic\u0103 muruit\u0103 arde lemnul \u0219i-l desc\u00e2nt\u0103 lemn adus \u00een timpul &hellip; <a href=\"http:\/\/www.dorin.bocu.ro\/blog\/?p=1252\" class=\"more-link\">Continu\u0103 s\u0103 cite\u0219ti <span class=\"screen-reader-text\">Umbra<\/span><\/a><\/p>\n","protected":false},"author":1,"featured_media":0,"comment_status":"open","ping_status":"open","sticky":false,"template":"","format":"gallery","meta":[],"categories":[1],"tags":[],"_links":{"self":[{"href":"http:\/\/www.dorin.bocu.ro\/blog\/index.php?rest_route=\/wp\/v2\/posts\/1252"}],"collection":[{"href":"http:\/\/www.dorin.bocu.ro\/blog\/index.php?rest_route=\/wp\/v2\/posts"}],"about":[{"href":"http:\/\/www.dorin.bocu.ro\/blog\/index.php?rest_route=\/wp\/v2\/types\/post"}],"author":[{"embeddable":true,"href":"http:\/\/www.dorin.bocu.ro\/blog\/index.php?rest_route=\/wp\/v2\/users\/1"}],"replies":[{"embeddable":true,"href":"http:\/\/www.dorin.bocu.ro\/blog\/index.php?rest_route=%2Fwp%2Fv2%2Fcomments&post=1252"}],"version-history":[{"count":2,"href":"http:\/\/www.dorin.bocu.ro\/blog\/index.php?rest_route=\/wp\/v2\/posts\/1252\/revisions"}],"predecessor-version":[{"id":1254,"href":"http:\/\/www.dorin.bocu.ro\/blog\/index.php?rest_route=\/wp\/v2\/posts\/1252\/revisions\/1254"}],"wp:attachment":[{"href":"http:\/\/www.dorin.bocu.ro\/blog\/index.php?rest_route=%2Fwp%2Fv2%2Fmedia&parent=1252"}],"wp:term":[{"taxonomy":"category","embeddable":true,"href":"http:\/\/www.dorin.bocu.ro\/blog\/index.php?rest_route=%2Fwp%2Fv2%2Fcategories&post=1252"},{"taxonomy":"post_tag","embeddable":true,"href":"http:\/\/www.dorin.bocu.ro\/blog\/index.php?rest_route=%2Fwp%2Fv2%2Ftags&post=1252"}],"curies":[{"name":"wp","href":"https:\/\/api.w.org\/{rel}","templated":true}]}}