{"id":1235,"date":"2021-03-01T10:40:06","date_gmt":"2021-03-01T10:40:06","guid":{"rendered":"http:\/\/www.dorin.bocu.ro\/blog\/?p=1235"},"modified":"2021-03-01T10:40:07","modified_gmt":"2021-03-01T10:40:07","slug":"rezilienta","status":"publish","type":"post","link":"http:\/\/www.dorin.bocu.ro\/blog\/?p=1235","title":{"rendered":"Rezilien\u021ba"},"content":{"rendered":"\n<figure class=\"wp-block-gallery columns-0 is-cropped\"><ul class=\"blocks-gallery-grid\"><\/ul><\/figure>\n\n\n\n<pre class=\"wp-block-preformatted\">\u00cen livad\u0103,\nc\u0103r\u0103bu\u0219ul\ncu polen \u00ee\u0219i d\u0103 arcu\u0219ul.\n\nGardurile,\nponosite,\nr\u00e2d \u00een soare dezmor\u021bite.\n\nCu urechea mea,\nciulit\u0103,\naud muguri cum palpit\u0103.\n\nEv \u00eentins \nde prim\u0103var\u0103 \nse a\u0219terne peste \u021bar\u0103?!\n\nSau visez\nca alt\u0103dat\u0103\ncum strivesc \u00een pumni o \u0219oapt\u0103.\n\n\u0218oapta razelor\nde soare,\ntotu-i viu, nimic nu moare?\n\nCa o ap\u0103\ncurg\u0103toare\nm\u0103 gr\u0103besc, de\u0219i nu pare.\n\nLarg \u0219i plin\nla temelie,\ntimpul vie\u021bii se sub\u021bie.\n\nC\u00e2nd m\u0103 uit\nacum la stele\nv\u0103d \u0219i bezna dintre ele.\n\nMulte am\nde \u00eenv\u0103\u021bat\ndespre morile din sat.\n\nAm pierdut\n\u00eendem\u00e2narea\nde a sta cu \u00eenserarea.\n\nS\u0103 ascult\ncum sun\u0103-n zare\ntalere de ro\u021bi de care.\n\n\u0218i cum trag\ncu \u021b\u00e2fna vie\u021bii\n\u00een amurgul sur b\u0103ie\u021bii.\n\nIar \u00een sunet\nde cimpoaie\norizontul se \u00eendoaie.\n\nS\u0103 se culce\na plecat\nla o margine de sat.\n\nUnde,\nsingur\u0103, se \u0219tie\nare noaptea o chilie.\n\nTo\u021bi sunt vii\n\u0219i omenia\ne la sfat cu ve\u0219nicia?\n\nSau\nmai nou rezilien\u021ba\n\u0219i-a pierdut audien\u021ba?!<\/pre>\n\n\n\n<p><\/p>\n","protected":false},"excerpt":{"rendered":"<p>\u00cen livad\u0103, c\u0103r\u0103bu\u0219ul cu polen \u00ee\u0219i d\u0103 arcu\u0219ul. Gardurile, ponosite, r\u00e2d \u00een soare dezmor\u021bite. Cu urechea mea, ciulit\u0103, aud muguri cum palpit\u0103. Ev \u00eentins de prim\u0103var\u0103 se a\u0219terne peste \u021bar\u0103?! Sau visez ca alt\u0103dat\u0103 cum strivesc \u00een pumni o \u0219oapt\u0103. \u0218oapta razelor de soare, totu-i viu, nimic nu moare? Ca o ap\u0103 curg\u0103toare m\u0103 gr\u0103besc, &hellip; <a href=\"http:\/\/www.dorin.bocu.ro\/blog\/?p=1235\" class=\"more-link\">Continu\u0103 s\u0103 cite\u0219ti <span class=\"screen-reader-text\">Rezilien\u021ba<\/span><\/a><\/p>\n","protected":false},"author":1,"featured_media":0,"comment_status":"open","ping_status":"open","sticky":false,"template":"","format":"gallery","meta":[],"categories":[1],"tags":[],"_links":{"self":[{"href":"http:\/\/www.dorin.bocu.ro\/blog\/index.php?rest_route=\/wp\/v2\/posts\/1235"}],"collection":[{"href":"http:\/\/www.dorin.bocu.ro\/blog\/index.php?rest_route=\/wp\/v2\/posts"}],"about":[{"href":"http:\/\/www.dorin.bocu.ro\/blog\/index.php?rest_route=\/wp\/v2\/types\/post"}],"author":[{"embeddable":true,"href":"http:\/\/www.dorin.bocu.ro\/blog\/index.php?rest_route=\/wp\/v2\/users\/1"}],"replies":[{"embeddable":true,"href":"http:\/\/www.dorin.bocu.ro\/blog\/index.php?rest_route=%2Fwp%2Fv2%2Fcomments&post=1235"}],"version-history":[{"count":6,"href":"http:\/\/www.dorin.bocu.ro\/blog\/index.php?rest_route=\/wp\/v2\/posts\/1235\/revisions"}],"predecessor-version":[{"id":1244,"href":"http:\/\/www.dorin.bocu.ro\/blog\/index.php?rest_route=\/wp\/v2\/posts\/1235\/revisions\/1244"}],"wp:attachment":[{"href":"http:\/\/www.dorin.bocu.ro\/blog\/index.php?rest_route=%2Fwp%2Fv2%2Fmedia&parent=1235"}],"wp:term":[{"taxonomy":"category","embeddable":true,"href":"http:\/\/www.dorin.bocu.ro\/blog\/index.php?rest_route=%2Fwp%2Fv2%2Fcategories&post=1235"},{"taxonomy":"post_tag","embeddable":true,"href":"http:\/\/www.dorin.bocu.ro\/blog\/index.php?rest_route=%2Fwp%2Fv2%2Ftags&post=1235"}],"curies":[{"name":"wp","href":"https:\/\/api.w.org\/{rel}","templated":true}]}}